{"id":5670,"date":"2024-09-22T21:10:16","date_gmt":"2024-09-22T19:10:16","guid":{"rendered":"http:\/\/www.polovnictvotn.eu.sk\/?p=5670"},"modified":"2024-09-23T09:19:59","modified_gmt":"2024-09-23T07:19:59","slug":"iii-vyrocna-konferencia-obvodnej-polovnickej-komory-trencin","status":"publish","type":"post","link":"http:\/\/www.polovnictvotn.eu.sk\/?p=5670","title":{"rendered":"III. v\u00fdro\u010dn\u00e1 konferencia Obvodnej po\u013eovn\u00edckej komory Tren\u010d\u00edn"},"content":{"rendered":"\n<p class=\"has-black-color has-text-color has-link-color wp-elements-0b3c3a8a18c4aee9b82626a36ff5581a\">Vo \u0161tvrtok 19. septembra 2024 sa uskuto\u010dnila III. v\u00fdro\u010dn\u00e1 konferencia OPK Tren\u010d\u00edn v&nbsp;Kult\u00farnom dome v&nbsp;Tren\u010dianskych Stankovciach. Konferenciu za sprievodu lesni\u010diarov otvoril p\u00e1n predseda OPK TN Ing. Stanislav Hladk\u00fd, ktor\u00fd n\u00e1sledne predstavil jej program. Program jednohlasne schv\u00e1lili v\u0161etci pr\u00edtomn\u00ed deleg\u00e1ti. \u010ealej bola predlo\u017een\u00e1 finan\u010dn\u00e1 spr\u00e1va o hospod\u00e1ren\u00ed a&nbsp;spr\u00e1va o&nbsp;\u010dinnosti OPK TN za obdobie rokov 2019 &#8211; 2024. Konferencii bola predlo\u017een\u00e1 aj spr\u00e1va Dozornej rady a&nbsp;Disciplin\u00e1rnej komisie za uplynul\u00e9 obdobie, a&nbsp;aj r\u00e1mcov\u00fd pl\u00e1n hlavn\u00fdch \u00faloh OPK TN na nasleduj\u00face obdobie 2024 &#8211; 2029.<\/p>\n\n\n\n<p class=\"has-black-color has-text-color has-link-color wp-elements-0d3d7cc6918625e842f3ab827cdda630\">Nosn\u00fa \u010das\u0165 konferencie predstavovala vo\u013eba nov\u00e9ho predstavenstva a&nbsp;pr\u00edslu\u0161n\u00fdch komisi\u00ed na nasleduj\u00face obdobie piatich rokov (2024 \u2013 2029). Jednotliv\u00fdch kandid\u00e1tov navrhlo predstavenstvo OPK TN, u\u017e\u00edvatelia po\u013eovn\u00fdch rev\u00edrov alebo priamo pr\u00edtomn\u00ed deleg\u00e1ti na konferencii.<\/p>\n\n\n\n<p class=\"has-black-color has-text-color has-link-color wp-elements-54e7e133cd3e1f8314734c16aefe476c\">Po vyhl\u00e1sen\u00ed v\u00fdsledkov volieb nov\u00fd predseda OPK TN Ing. R\u00f3bert Min\u00e1rik po\u010fakoval predch\u00e1dzaj\u00facemu predstavenstvu za akt\u00edvnu pr\u00e1cu a&nbsp;v&nbsp;mene nov\u00e9ho predstavenstva&nbsp;po\u010fakoval deleg\u00e1tom za zvolenie do jednotliv\u00fdch funkci\u00ed.<\/p>\n\n\n\n<p class=\"has-black-color has-text-color has-link-color wp-elements-b73f3e1ded40a66e56c41c4c42ba415e\"><strong><u>Nov\u00e9 predstavenstvo OPK TN na obdobie 2024 \u2013 202<\/u>9:<\/strong><\/p>\n\n\n\n<p class=\"has-black-color has-text-color has-link-color wp-elements-858950632ff846b22e5c0a5a2d4df54c\">predseda OPK TN \u2013 Ing. R\u00f3bert Min\u00e1rik<\/p>\n\n\n\n<p class=\"has-black-color has-text-color has-link-color wp-elements-2f547567ff191ae5bbffc172f76ad8e2\">podpredseda OPK TN \u2013 Ing. \u013dubom\u00edr \u010eurech<\/p>\n\n\n\n<p class=\"has-black-color has-text-color has-link-color wp-elements-a2d48b24c06a97aa47c776128728f620\">predseda organiza\u010dnej komisie OPK TN \u2013 Erika Jan\u00edkov\u00e1<\/p>\n\n\n\n<p class=\"has-black-color has-text-color has-link-color wp-elements-87cdcdcda1e496fb4b9d99fdbebb1a56\">predseda ekonomickej komisie OPK TN \u2013 Ing. Franti\u0161ek Hricko<\/p>\n\n\n\n<p class=\"has-black-color has-text-color has-link-color wp-elements-7ea4bcde7e695fa06fd886a90f733e84\">predseda po\u013eovn\u00edckej komisie \u2013 Peter Prekop<\/p>\n\n\n\n<p class=\"has-black-color has-text-color has-link-color wp-elements-f75444c16ec0be680f5ecb17c4979e31\">predseda streleckej komisie \u2013 Ing. \u013dubom\u00edr \u010eurech<\/p>\n\n\n\n<p class=\"has-black-color has-text-color has-link-color wp-elements-3ea97b0ac37cb36cd330ddf7777cb68f\">predseda osvetovej komisie \u2013 Juraj P\u00e1le\u0161<\/p>\n\n\n\n<p class=\"has-black-color has-text-color has-link-color wp-elements-f442eb64e2c1ba80d0bc32392317d940\">predseda kynologickej komisie \u2013 Jaroslava Gorel\u010d\u00edkov\u00e1<\/p>\n\n\n\n<p class=\"has-black-color has-text-color has-link-color wp-elements-0962a8cf6457b7babfc4f35a845c4113\">predseda legislat\u00edvnej komisie \u2013 JUDr. Peter Toma, PhD.<\/p>\n\n\n\n<p class=\"has-black-color has-text-color has-link-color wp-elements-536c9c5447103ec916062d7c88c89768\">predseda dozornej rady \u2013 \u013dubom\u00edr K\u0148\u00e1\u017eek<\/p>\n\n\n\n<p class=\"has-black-color has-text-color has-link-color wp-elements-59f761598cad0e26b87af5182c8e2140\">\u010dlenovia DR : Ing. Tom\u00e1\u0161 Kr\u010dm\u00e1rik; PaedDr. Zdenko Hil\u010d\u00edk<\/p>\n\n\n\n<p class=\"has-black-color has-text-color has-link-color wp-elements-2592a94085aea75381c7f5ae9869d0b6\">predseda disciplin\u00e1rnej komisie &#8211; Ing. Jaroslav Holi\u010dka<\/p>\n\n\n\n<p class=\"has-black-color has-text-color has-link-color wp-elements-12c3e5e3908fb54193403ce72cb87f61\">\u010dlenovia DK: Ing. Tom\u00e1\u0161 Toma; Jaroslav Zavadinka; Mgr. Peter \u010euri\u0161; Tom\u00e1\u0161 Bart\u00e1k<\/p>\n\n\n\n<p class=\"has-black-color has-text-color has-link-color wp-elements-2624bf38e1add9a809dc221d4e762bb5\">\u201ePo\u013eovn\u00edctvu zdar !\u201c<\/p>\n\n\n\n<p class=\"has-black-color has-text-color has-link-color wp-elements-c92d54c549d2f08c1efaf338fd3bbe9c\">Foto: Erika Jan\u00edkov\u00e1<\/p>\n\n\n\n<p class=\"has-black-color has-text-color has-link-color wp-elements-1e521bbaee68727151c37fa36ab89f43\">Text: Peter Prekop<\/p>\n\n\n\n<p class=\"has-text-align-center has-vivid-red-color has-text-color has-link-color has-large-font-size wp-elements-2f1b66104b6ef8d0153c09117554028e\"><strong><a href=\"https:\/\/www.facebook.com\/photo\/?fbid=831549775822247&amp;set=pcb.831550612488830\">FOTOGAL\u00c9RIA<\/a><\/strong><\/p>\n","protected":false},"excerpt":{"rendered":"<p>Vo \u0161tvrtok 19. septembra 2024 sa uskuto\u010dnila III. v\u00fdro\u010dn\u00e1 konferencia OPK Tren\u010d\u00edn v&nbsp;Kult\u00farnom dome v&nbsp;Tren\u010dianskych Stankovciach. Konferenciu za sprievodu lesni\u010diarov otvoril p\u00e1n predseda OPK TN Ing. Stanislav Hladk\u00fd, ktor\u00fd n\u00e1sledne predstavil jej program. Program jednohlasne schv\u00e1lili v\u0161etci pr\u00edtomn\u00ed deleg\u00e1ti. \u010ealej bola predlo\u017een\u00e1 finan\u010dn\u00e1 spr\u00e1va o hospod\u00e1ren\u00ed a&nbsp;spr\u00e1va o&nbsp;\u010dinnosti OPK TN za obdobie rokov 2019 &#8211; [&hellip;]<\/p>\n","protected":false},"author":1,"featured_media":0,"comment_status":"closed","ping_status":"closed","sticky":false,"template":"","format":"standard","meta":{"_jetpack_memberships_contains_paid_content":false,"footnotes":""},"categories":[1],"tags":[],"class_list":["post-5670","post","type-post","status-publish","format-standard","hentry","category-nezaradene"],"jetpack_featured_media_url":"","jetpack_sharing_enabled":true,"_links":{"self":[{"href":"http:\/\/www.polovnictvotn.eu.sk\/index.php?rest_route=\/wp\/v2\/posts\/5670","targetHints":{"allow":["GET"]}}],"collection":[{"href":"http:\/\/www.polovnictvotn.eu.sk\/index.php?rest_route=\/wp\/v2\/posts"}],"about":[{"href":"http:\/\/www.polovnictvotn.eu.sk\/index.php?rest_route=\/wp\/v2\/types\/post"}],"author":[{"embeddable":true,"href":"http:\/\/www.polovnictvotn.eu.sk\/index.php?rest_route=\/wp\/v2\/users\/1"}],"replies":[{"embeddable":true,"href":"http:\/\/www.polovnictvotn.eu.sk\/index.php?rest_route=%2Fwp%2Fv2%2Fcomments&post=5670"}],"version-history":[{"count":4,"href":"http:\/\/www.polovnictvotn.eu.sk\/index.php?rest_route=\/wp\/v2\/posts\/5670\/revisions"}],"predecessor-version":[{"id":5682,"href":"http:\/\/www.polovnictvotn.eu.sk\/index.php?rest_route=\/wp\/v2\/posts\/5670\/revisions\/5682"}],"wp:attachment":[{"href":"http:\/\/www.polovnictvotn.eu.sk\/index.php?rest_route=%2Fwp%2Fv2%2Fmedia&parent=5670"}],"wp:term":[{"taxonomy":"category","embeddable":true,"href":"http:\/\/www.polovnictvotn.eu.sk\/index.php?rest_route=%2Fwp%2Fv2%2Fcategories&post=5670"},{"taxonomy":"post_tag","embeddable":true,"href":"http:\/\/www.polovnictvotn.eu.sk\/index.php?rest_route=%2Fwp%2Fv2%2Ftags&post=5670"}],"curies":[{"name":"wp","href":"https:\/\/api.w.org\/{rel}","templated":true}]}}